{"id":298257,"date":"2026-04-17T14:37:02","date_gmt":"2026-04-17T12:37:02","guid":{"rendered":"https:\/\/weenat.com\/?p=298257"},"modified":"2026-04-17T14:58:04","modified_gmt":"2026-04-17T12:58:04","slug":"recarga-invernal-2025-2026","status":"publish","type":"post","link":"https:\/\/weenat.com\/es\/recarga-invernal-2025-2026\/","title":{"rendered":"Recarga invernal 2025-2026 en Espa\u00f1a: las reservas h\u00eddricas alcanzan su nivel m\u00e1s alto en a\u00f1os\u00a0"},"content":{"rendered":"\n<p>El invierno 2025-2026 ha transformado radicalmente el panorama h\u00eddrico espa\u00f1ol. Frente a la situaci\u00f3n de estr\u00e9s que caracteriz\u00f3 el final del invierno anterior (con las reservas nacionales al 60,9 %) la temporada que acaba de concluir dibuja un escenario muy diferente: los embalses cierran marzo al <strong>83,3 % de su capacidad<\/strong>, con <strong>46.608 hm\u00b3 almacenados<\/strong> seg\u00fan el <a href=\"https:\/\/www.miteco.gob.es\/es.html\" target=\"_blank\" rel=\"noreferrer noopener\">Ministerio para la Transici\u00f3n Ecol\u00f3gica y el Reto Demogr\u00e1fico<\/a>. Un vuelco que los datos de Meteo Vision permiten explicar con precisi\u00f3n, tanto en sus causas pluviom\u00e9tricas como en sus contrastes territoriales.&nbsp;<\/p>\n\n\n\n<h2 class=\"wp-block-heading\"><strong>Una fachada atl\u00e1ntica que ha concentrado los excedentes<\/strong>&nbsp;<\/h2>\n\n\n\n<figure class=\"wp-block-image aligncenter size-full is-resized\"><img loading=\"lazy\" decoding=\"async\" width=\"800\" height=\"797\" src=\"https:\/\/weenat.com\/wp-content\/uploads\/2026\/04\/Comm_2026_ESP_CUMUL_PRECIP.webp\" alt=\"\" class=\"wp-image-298263\" style=\"width:542px;height:auto\"\/><figcaption class=\"wp-element-caption\"><em>Datos de precipitaci\u00f3n, ETP y balance h\u00eddrico: M\u00e9t\u00e9o Vision, soluci\u00f3n meteorol\u00f3gica desarrollada por Weenat.<\/em><\/figcaption><\/figure>\n\n\n\n<p>El mapa de precipitaciones acumuladas revela de inmediato d\u00f3nde ha residido el motor de este invierno excepcionalmente h\u00famedo. Galicia encabeza de forma contundente la clasificaci\u00f3n nacional, con medias comarcales que superan <strong>1.000 mm<\/strong> en el conjunto de la comunidad y picos que alcanzan <strong>1.997 mm<\/strong> en Pontevedra y <strong>1.550 mm<\/strong> en A Coru\u00f1a. Son valores que sit\u00faan al noroeste peninsular entre las zonas m\u00e1s lluviosas de Europa occidental durante el semestre analizado.&nbsp;<\/p>\n\n\n\n<p>Cantabria (<strong>722 mm<\/strong> de media), el Pa\u00eds Vasco (<strong>681 mm<\/strong>) y Asturias (<strong>607 mm<\/strong>) completan un arco noratl\u00e1ntico que ha actuado como gran receptor de las perturbaciones procedentes del Atl\u00e1ntico. Extremadura, con <strong>621 mm<\/strong> de media, presenta tambi\u00e9n un balance netamente positivo, beneficiada por la trayectoria de los frentes que han recorrido la Meseta occidental.&nbsp;<\/p>\n\n\n\n<p>La precipitaci\u00f3n media nacional se sit\u00faa en torno a los <strong>502 mm<\/strong> para la temporada. En el extremo opuesto, el mapa se aclara hasta casi el blanco sobre el sureste peninsular: algunas comarcas de Almer\u00eda apenas alcanzan los <strong>145 mm<\/strong>, Alicante los <strong>154 mm<\/strong> y el sur de Teruel los <strong>172 mm<\/strong> (apenas el 15 % de lo registrado simult\u00e1neamente en Pontevedra).&nbsp;<\/p>\n\n\n\n<h2 class=\"wp-block-heading\"><strong>Una evapotranspiraci\u00f3n que penaliza el Levante incluso en invierno<\/strong>&nbsp;<\/h2>\n\n\n\n<figure class=\"wp-block-image aligncenter size-full is-resized\"><img loading=\"lazy\" decoding=\"async\" width=\"800\" height=\"797\" src=\"https:\/\/weenat.com\/wp-content\/uploads\/2026\/04\/Comm_2026_ESP_CUMUL_ETP.webp\" alt=\"\" class=\"wp-image-298264\" style=\"aspect-ratio:1.0037802966992047;width:518px;height:auto\"\/><figcaption class=\"wp-element-caption\"><em>Datos de precipitaci\u00f3n, ETP y balance h\u00eddrico: M\u00e9t\u00e9o Vision, soluci\u00f3n meteorol\u00f3gica desarrollada por Weenat.<\/em><\/figcaption><\/figure>\n\n\n\n<p>El mapa de evapotranspiraci\u00f3n potencial acumulada pone en evidencia un segundo factor decisivo, a menudo subestimado en el an\u00e1lisis h\u00eddrico invernal: incluso en los meses m\u00e1s fr\u00edos del a\u00f1o, el sureste peninsular pierde por evaporaci\u00f3n cantidades de agua que ning\u00fan otro territorio espa\u00f1ol alcanza.&nbsp;<\/p>\n\n\n\n<p>El gradiente es claro en la lectura del mapa. El norte cant\u00e1brico (Cantabria, Asturias, Pa\u00eds Vasco) registra los valores de ETP m\u00e1s bajos del pa\u00eds, entre <strong>181 y 250 mm<\/strong> acumulados en el semestre. En estas condiciones, casi toda el agua que cae permanece disponible para la recarga de suelos y acu\u00edferos.&nbsp;<\/p>\n\n\n\n<p>La situaci\u00f3n se invierte completamente en el sureste. Almer\u00eda acumula hasta <strong>443 mm<\/strong> de ETP durante el mismo per\u00edodo, Alicante <strong>410 mm<\/strong> y Murcia valores medios en torno a los <strong>367 mm<\/strong>. La media nacional se sit\u00faa en <strong>282 mm<\/strong>, pero este promedio no refleja la presi\u00f3n diferencial que soportan las regiones mediterr\u00e1neas: en pleno invierno, sus suelos pierden m\u00e1s agua por evaporaci\u00f3n de la que reciben en forma de lluvia en muchas comarcas.&nbsp;<\/p>\n\n\n\n<h2 class=\"wp-block-heading\"><strong>El balance <strong>h\u00eddrico<\/strong>: 61 comarcas en d\u00e9ficit h\u00eddrico<\/strong>&nbsp;<\/h2>\n\n\n\n<figure class=\"wp-block-image aligncenter size-full is-resized\"><img loading=\"lazy\" decoding=\"async\" width=\"800\" height=\"797\" src=\"https:\/\/weenat.com\/wp-content\/uploads\/2026\/04\/Comm_2026_ESP_CUMUL_P-ETP.webp\" alt=\"\" class=\"wp-image-298262\" style=\"aspect-ratio:1.0037520518294822;width:486px;height:auto\"\/><figcaption class=\"wp-element-caption\"><em>Datos de precipitaci\u00f3n, ETP y balance h\u00eddrico: M\u00e9t\u00e9o Vision, soluci\u00f3n meteorol\u00f3gica desarrollada por Weenat.<\/em><\/figcaption><\/figure>\n\n\n\n<p>El mapa de balance P-ETP sintetiza las dos lecturas anteriores y ofrece la imagen m\u00e1s n\u00edtida de la recarga real del invierno. La diagonal azul que recorre el noroeste del pa\u00eds contrasta con la mancha roja que se extiende sobre el Levante, Murcia y el sur de Arag\u00f3n.&nbsp;<\/p>\n\n\n\n<p>El lado positivo del balance lo protagoniza, de nuevo, Galicia: con excedentes medios superiores a <strong>+800 mm<\/strong> por comunidad y picos que superan los <strong>+1.775 mm<\/strong> en Pontevedra, este territorio aborda la primavera con reservas h\u00eddricas excepcionales en el suelo y los acu\u00edferos. Cantabria y Pa\u00eds Vasco superan tambi\u00e9n los <strong>+430 mm<\/strong> de saldo medio, mientras Extremadura alcanza los <strong>+315 mm<\/strong>.&nbsp;<\/p>\n\n\n\n<p>En el extremo contrario, <strong>61 comarcas<\/strong> del conjunto nacional cierran el invierno con un balance h\u00eddrico negativo. La Regi\u00f3n de Murcia acumula una media de <strong>-122 mm<\/strong>, la Comunidad Valenciana de <strong>-36 mm<\/strong>, y las comarcas m\u00e1s afectadas de Almer\u00eda llegan a <strong>-262 mm<\/strong>. Tambi\u00e9n Arag\u00f3n presenta zonas en d\u00e9ficit, con comarcas de Teruel y Zaragoza por debajo de los <strong>-145 mm<\/strong>. En estas regiones, el suelo ha consumido en evapotranspiraci\u00f3n m\u00e1s agua de la que han aportado las precipitaciones invernales; una situaci\u00f3n que limita estructuralmente la recarga de las capas profundas.&nbsp;<\/p>\n\n\n\n<h2 class=\"wp-block-heading\"><strong>Las reservas hidr\u00e1ulicas confirman la fotograf\u00eda de Weenat<\/strong>&nbsp;<\/h2>\n\n\n\n<figure class=\"wp-block-image aligncenter size-full is-resized\"><img loading=\"lazy\" decoding=\"async\" width=\"1620\" height=\"1620\" src=\"https:\/\/weenat.com\/wp-content\/uploads\/2026\/04\/31_03_2026_Plantilla-Reserva-hi\u0301drica-Cuadrado.webp\" alt=\"\" class=\"wp-image-298265\" style=\"width:503px;height:auto\"\/><figcaption class=\"wp-element-caption\">D<em>atos de reservas hidr\u00e1ulicas: Ministerio para la Transici\u00f3n Ecol\u00f3gica y el Reto Demogr\u00e1fico al 31\/03\/2026. <\/em><\/figcaption><\/figure>\n\n\n\n<p>Los datos de los embalses al 31 de marzo corroboran cuenca a cuenca lo que las tres cartas de Weenat ya anticipaban. <\/p>\n\n\n\n<p>Las <strong>cuencas internas del Pa\u00eds Vasco<\/strong> cierran el invierno al <strong>100 %<\/strong> de su capacidad. Guadalete-Barbate alcanza el <strong>90,7 %<\/strong>, las cuencas internas de Catalu\u00f1a el <strong>90,0 %<\/strong>, Galicia Costa el <strong>89,3 %<\/strong>, Tinto, Odiel y Piedras el <strong>89,5 %<\/strong> y el Cant\u00e1brico Oriental el <strong>93,2 %<\/strong>. El Duero (<strong>86,8 %<\/strong>), el Guadiana (<strong>86,7 %<\/strong>), el Mi\u00f1o-Sil (<strong>86,1 %<\/strong>) y el Guadalquivir (<strong>85,9 %<\/strong>) presentan tambi\u00e9n niveles muy favorables de cara a la temporada agr\u00edcola. Incluso el Tajo (<strong>80,8 %<\/strong>) y el Ebro (<strong>83,4 %<\/strong>), cuencas que cerraron el invierno anterior en situaci\u00f3n mucho m\u00e1s comprometida, ofrecen m\u00e1rgenes operativos amplios.&nbsp;<\/p>\n\n\n\n<h2 class=\"wp-block-heading\"><strong>El Levante, la excepci\u00f3n que confirma la regla<\/strong>&nbsp;<\/h2>\n\n\n\n<p>El contraste m\u00e1s llamativo lo protagonizan, de forma predecible a la vista de los mapas de Weenat, las cuencas mediterr\u00e1neas del sur y el este. La cuenca del <strong>Segura<\/strong> cierra marzo al <strong>54,7 %<\/strong>, el <strong>J\u00facar<\/strong> al <strong>67,6 %<\/strong> y la <strong>Cuenca Mediterr\u00e1nea Andaluza<\/strong> al <strong>76,3 %<\/strong>; los tres niveles m\u00e1s bajos de la Espa\u00f1a peninsular. La combinaci\u00f3n de precipitaciones escasas y evapotranspiraci\u00f3n invernal elevada, que las cartas de Weenat cuantifican con precisi\u00f3n comarca a comarca, explica directamente esta brecha con el resto del territorio.&nbsp;<\/p>\n\n\n\n<h2 class=\"wp-block-heading\"><strong>Un punto de partida favorable, pero con condiciones<\/strong>&nbsp;<\/h2>\n\n\n\n<p>El salto de veinte puntos en la reserva h\u00eddrica nacional respecto al cierre del invierno anterior es una buena noticia estructural para la agricultura espa\u00f1ola. Las explotaciones del norte, del suroeste y de amplias zonas de la Meseta cuentan con reservas que permiten afrontar la primavera con menor presi\u00f3n sobre los recursos subterr\u00e1neos y los <a href=\"https:\/\/weenat.com\/es\/sistema-de-riego\/\">sistemas de riego<\/a>.\u00a0<\/p>\n\n\n\n<p>Sin embargo, la situaci\u00f3n del Levante y del sureste recuerda que la mejora del conjunto no elimina las vulnerabilidades locales. En Murcia, Alicante, Almer\u00eda y las zonas m\u00e1s \u00e1ridas de Arag\u00f3n y Teruel, la brecha entre precipitaciones invernales y evapotranspiraci\u00f3n se mantiene abierta. Las lluvias primaverales determinar\u00e1n si estas regiones logran amortiguar el d\u00e9ficit antes del inicio del per\u00edodo de m\u00e1xima demanda h\u00eddrica de los cultivos.&nbsp;<\/p>\n\n\n\n<p>En este contexto, el seguimiento continuo de la humedad del suelo cobra especial relevancia. Conocer en tiempo real el estado de las reservas h\u00eddricas en parcela permite anticipar los d\u00e9ficits antes de que afecten a los cultivos, optimizar los vol\u00famenes aportados y preservar unos acu\u00edferos que, en el sureste peninsular, no han terminado de recuperarse.&nbsp;<\/p>\n","protected":false},"excerpt":{"rendered":"<p>El invierno 2025-2026 ha transformado radicalmente el panorama h\u00eddrico espa\u00f1ol. Frente a la situaci\u00f3n de estr\u00e9s que caracteriz\u00f3 el final del invierno anterior (con las reservas nacionales al 60,9 %) la temporada que acaba de concluir dibuja un escenario muy diferente: los embalses cierran marzo al 83,3 % de su capacidad, con 46.608 hm\u00b3 almacenados [&hellip;]<\/p>\n","protected":false},"author":7,"featured_media":298263,"comment_status":"closed","ping_status":"closed","sticky":false,"template":"","format":"standard","meta":{"_acf_changed":false,"_et_pb_use_builder":"","_et_pb_old_content":"","_et_gb_content_width":"","footnotes":""},"categories":[40],"tags":[],"class_list":["post-298257","post","type-post","status-publish","format-standard","has-post-thumbnail","hentry","category-meteo-agricole"],"acf":[],"yoast_head":"<!-- This site is optimized with the Yoast SEO plugin v27.3 - https:\/\/yoast.com\/product\/yoast-seo-wordpress\/ -->\n<title>Recarga invernal 2025-2026 en Espa\u00f1a: las reservas h\u00eddricas alcanzan su nivel m\u00e1s alto en a\u00f1os\u00a0 | Weenat<\/title>\n<meta name=\"robots\" content=\"index, follow, max-snippet:-1, max-image-preview:large, max-video-preview:-1\" \/>\n<link rel=\"canonical\" href=\"https:\/\/weenat.com\/es\/recarga-invernal-2025-2026\/\" \/>\n<meta property=\"og:locale\" content=\"es_ES\" \/>\n<meta property=\"og:type\" content=\"article\" \/>\n<meta property=\"og:title\" content=\"Recarga invernal 2025-2026 en Espa\u00f1a: las reservas h\u00eddricas alcanzan su nivel m\u00e1s alto en a\u00f1os\u00a0 | Weenat\" \/>\n<meta property=\"og:description\" content=\"El invierno 2025-2026 ha transformado radicalmente el panorama h\u00eddrico espa\u00f1ol. Frente a la situaci\u00f3n de estr\u00e9s que caracteriz\u00f3 el final del invierno anterior (con las reservas nacionales al 60,9 %) la temporada que acaba de concluir dibuja un escenario muy diferente: los embalses cierran marzo al 83,3 % de su capacidad, con 46.608 hm\u00b3 almacenados [&hellip;]\" \/>\n<meta property=\"og:url\" content=\"https:\/\/weenat.com\/es\/recarga-invernal-2025-2026\/\" \/>\n<meta property=\"og:site_name\" content=\"Weenat\" \/>\n<meta property=\"article:publisher\" content=\"https:\/\/www.facebook.com\/weenatcom\/\" \/>\n<meta property=\"article:published_time\" content=\"2026-04-17T12:37:02+00:00\" \/>\n<meta property=\"article:modified_time\" content=\"2026-04-17T12:58:04+00:00\" \/>\n<meta property=\"og:image\" content=\"https:\/\/weenat.com\/wp-content\/uploads\/2026\/04\/Comm_2026_ESP_CUMUL_PRECIP.webp\" \/>\n\t<meta property=\"og:image:width\" content=\"800\" \/>\n\t<meta property=\"og:image:height\" content=\"797\" \/>\n\t<meta property=\"og:image:type\" content=\"image\/webp\" \/>\n<meta name=\"author\" content=\"Guillaume Dechandon\" \/>\n<meta name=\"twitter:card\" content=\"summary_large_image\" \/>\n<meta name=\"twitter:label1\" content=\"Escrito por\" \/>\n\t<meta name=\"twitter:data1\" content=\"Guillaume Dechandon\" \/>\n\t<meta name=\"twitter:label2\" content=\"Tiempo de lectura\" \/>\n\t<meta name=\"twitter:data2\" content=\"7 minutos\" \/>\n<script type=\"application\/ld+json\" class=\"yoast-schema-graph\">{\"@context\":\"https:\\\/\\\/schema.org\",\"@graph\":[{\"@type\":\"Article\",\"@id\":\"https:\\\/\\\/weenat.com\\\/es\\\/recarga-invernal-2025-2026\\\/#article\",\"isPartOf\":{\"@id\":\"https:\\\/\\\/weenat.com\\\/es\\\/recarga-invernal-2025-2026\\\/\"},\"author\":{\"name\":\"Guillaume Dechandon\",\"@id\":\"https:\\\/\\\/weenat.com\\\/es\\\/#\\\/schema\\\/person\\\/6a8fcf8e17e1f82d625f54877f8e55c6\"},\"headline\":\"Recarga invernal 2025-2026 en Espa\u00f1a: las reservas h\u00eddricas alcanzan su nivel m\u00e1s alto en a\u00f1os\u00a0\",\"datePublished\":\"2026-04-17T12:37:02+00:00\",\"dateModified\":\"2026-04-17T12:58:04+00:00\",\"mainEntityOfPage\":{\"@id\":\"https:\\\/\\\/weenat.com\\\/es\\\/recarga-invernal-2025-2026\\\/\"},\"wordCount\":1247,\"publisher\":{\"@id\":\"https:\\\/\\\/weenat.com\\\/es\\\/#organization\"},\"image\":{\"@id\":\"https:\\\/\\\/weenat.com\\\/es\\\/recarga-invernal-2025-2026\\\/#primaryimage\"},\"thumbnailUrl\":\"https:\\\/\\\/weenat.com\\\/wp-content\\\/uploads\\\/2026\\\/04\\\/Comm_2026_ESP_CUMUL_PRECIP.webp\",\"articleSection\":[\"M\u00e9t\u00e9o agricole\"],\"inLanguage\":\"es\"},{\"@type\":\"WebPage\",\"@id\":\"https:\\\/\\\/weenat.com\\\/es\\\/recarga-invernal-2025-2026\\\/\",\"url\":\"https:\\\/\\\/weenat.com\\\/es\\\/recarga-invernal-2025-2026\\\/\",\"name\":\"Recarga invernal 2025-2026 en Espa\u00f1a: las reservas h\u00eddricas alcanzan su nivel m\u00e1s alto en a\u00f1os\u00a0 | Weenat\",\"isPartOf\":{\"@id\":\"https:\\\/\\\/weenat.com\\\/es\\\/#website\"},\"primaryImageOfPage\":{\"@id\":\"https:\\\/\\\/weenat.com\\\/es\\\/recarga-invernal-2025-2026\\\/#primaryimage\"},\"image\":{\"@id\":\"https:\\\/\\\/weenat.com\\\/es\\\/recarga-invernal-2025-2026\\\/#primaryimage\"},\"thumbnailUrl\":\"https:\\\/\\\/weenat.com\\\/wp-content\\\/uploads\\\/2026\\\/04\\\/Comm_2026_ESP_CUMUL_PRECIP.webp\",\"datePublished\":\"2026-04-17T12:37:02+00:00\",\"dateModified\":\"2026-04-17T12:58:04+00:00\",\"breadcrumb\":{\"@id\":\"https:\\\/\\\/weenat.com\\\/es\\\/recarga-invernal-2025-2026\\\/#breadcrumb\"},\"inLanguage\":\"es\",\"potentialAction\":[{\"@type\":\"ReadAction\",\"target\":[\"https:\\\/\\\/weenat.com\\\/es\\\/recarga-invernal-2025-2026\\\/\"]}]},{\"@type\":\"ImageObject\",\"inLanguage\":\"es\",\"@id\":\"https:\\\/\\\/weenat.com\\\/es\\\/recarga-invernal-2025-2026\\\/#primaryimage\",\"url\":\"https:\\\/\\\/weenat.com\\\/wp-content\\\/uploads\\\/2026\\\/04\\\/Comm_2026_ESP_CUMUL_PRECIP.webp\",\"contentUrl\":\"https:\\\/\\\/weenat.com\\\/wp-content\\\/uploads\\\/2026\\\/04\\\/Comm_2026_ESP_CUMUL_PRECIP.webp\",\"width\":800,\"height\":797},{\"@type\":\"BreadcrumbList\",\"@id\":\"https:\\\/\\\/weenat.com\\\/es\\\/recarga-invernal-2025-2026\\\/#breadcrumb\",\"itemListElement\":[{\"@type\":\"ListItem\",\"position\":1,\"name\":\"Weenat\",\"item\":\"https:\\\/\\\/weenat.com\\\/es\\\/\"},{\"@type\":\"ListItem\",\"position\":2,\"name\":\"Recarga invernal 2025-2026 en Espa\u00f1a: las reservas h\u00eddricas alcanzan su nivel m\u00e1s alto en a\u00f1os\u00a0\"}]},{\"@type\":\"WebSite\",\"@id\":\"https:\\\/\\\/weenat.com\\\/es\\\/#website\",\"url\":\"https:\\\/\\\/weenat.com\\\/es\\\/\",\"name\":\"Weenat\",\"description\":\"\",\"publisher\":{\"@id\":\"https:\\\/\\\/weenat.com\\\/es\\\/#organization\"},\"potentialAction\":[{\"@type\":\"SearchAction\",\"target\":{\"@type\":\"EntryPoint\",\"urlTemplate\":\"https:\\\/\\\/weenat.com\\\/es\\\/?s={search_term_string}\"},\"query-input\":{\"@type\":\"PropertyValueSpecification\",\"valueRequired\":true,\"valueName\":\"search_term_string\"}}],\"inLanguage\":\"es\"},{\"@type\":\"Organization\",\"@id\":\"https:\\\/\\\/weenat.com\\\/es\\\/#organization\",\"name\":\"Weenat\",\"url\":\"https:\\\/\\\/weenat.com\\\/es\\\/\",\"logo\":{\"@type\":\"ImageObject\",\"inLanguage\":\"es\",\"@id\":\"https:\\\/\\\/weenat.com\\\/es\\\/#\\\/schema\\\/logo\\\/image\\\/\",\"url\":\"https:\\\/\\\/weenat.com\\\/wp-content\\\/uploads\\\/2025\\\/11\\\/Logo_Bleu_Weenat.svg\",\"contentUrl\":\"https:\\\/\\\/weenat.com\\\/wp-content\\\/uploads\\\/2025\\\/11\\\/Logo_Bleu_Weenat.svg\",\"width\":753,\"height\":175,\"caption\":\"Weenat\"},\"image\":{\"@id\":\"https:\\\/\\\/weenat.com\\\/es\\\/#\\\/schema\\\/logo\\\/image\\\/\"},\"sameAs\":[\"https:\\\/\\\/www.facebook.com\\\/weenatcom\\\/\",\"https:\\\/\\\/www.instagram.com\\\/weenat_solutions\\\/\",\"https:\\\/\\\/www.linkedin.com\\\/company\\\/weenat-solutions\"]},{\"@type\":\"Person\",\"@id\":\"https:\\\/\\\/weenat.com\\\/es\\\/#\\\/schema\\\/person\\\/6a8fcf8e17e1f82d625f54877f8e55c6\",\"name\":\"Guillaume Dechandon\",\"image\":{\"@type\":\"ImageObject\",\"inLanguage\":\"es\",\"@id\":\"https:\\\/\\\/secure.gravatar.com\\\/avatar\\\/fbd215e250c16cd4591e78d6c548a4b69a9ceacfd4e680867ceefdf8ba04188c?s=96&d=mm&r=g\",\"url\":\"https:\\\/\\\/secure.gravatar.com\\\/avatar\\\/fbd215e250c16cd4591e78d6c548a4b69a9ceacfd4e680867ceefdf8ba04188c?s=96&d=mm&r=g\",\"contentUrl\":\"https:\\\/\\\/secure.gravatar.com\\\/avatar\\\/fbd215e250c16cd4591e78d6c548a4b69a9ceacfd4e680867ceefdf8ba04188c?s=96&d=mm&r=g\",\"caption\":\"Guillaume Dechandon\"},\"url\":\"https:\\\/\\\/weenat.com\\\/es\\\/author\\\/guillaume\\\/\"}]}<\/script>\n<!-- \/ Yoast SEO plugin. -->","yoast_head_json":{"title":"Recarga invernal 2025-2026 en Espa\u00f1a: las reservas h\u00eddricas alcanzan su nivel m\u00e1s alto en a\u00f1os\u00a0 | Weenat","robots":{"index":"index","follow":"follow","max-snippet":"max-snippet:-1","max-image-preview":"max-image-preview:large","max-video-preview":"max-video-preview:-1"},"canonical":"https:\/\/weenat.com\/es\/recarga-invernal-2025-2026\/","og_locale":"es_ES","og_type":"article","og_title":"Recarga invernal 2025-2026 en Espa\u00f1a: las reservas h\u00eddricas alcanzan su nivel m\u00e1s alto en a\u00f1os\u00a0 | Weenat","og_description":"El invierno 2025-2026 ha transformado radicalmente el panorama h\u00eddrico espa\u00f1ol. Frente a la situaci\u00f3n de estr\u00e9s que caracteriz\u00f3 el final del invierno anterior (con las reservas nacionales al 60,9 %) la temporada que acaba de concluir dibuja un escenario muy diferente: los embalses cierran marzo al 83,3 % de su capacidad, con 46.608 hm\u00b3 almacenados [&hellip;]","og_url":"https:\/\/weenat.com\/es\/recarga-invernal-2025-2026\/","og_site_name":"Weenat","article_publisher":"https:\/\/www.facebook.com\/weenatcom\/","article_published_time":"2026-04-17T12:37:02+00:00","article_modified_time":"2026-04-17T12:58:04+00:00","og_image":[{"width":800,"height":797,"url":"https:\/\/weenat.com\/wp-content\/uploads\/2026\/04\/Comm_2026_ESP_CUMUL_PRECIP.webp","type":"image\/webp"}],"author":"Guillaume Dechandon","twitter_card":"summary_large_image","twitter_misc":{"Escrito por":"Guillaume Dechandon","Tiempo de lectura":"7 minutos"},"schema":{"@context":"https:\/\/schema.org","@graph":[{"@type":"Article","@id":"https:\/\/weenat.com\/es\/recarga-invernal-2025-2026\/#article","isPartOf":{"@id":"https:\/\/weenat.com\/es\/recarga-invernal-2025-2026\/"},"author":{"name":"Guillaume Dechandon","@id":"https:\/\/weenat.com\/es\/#\/schema\/person\/6a8fcf8e17e1f82d625f54877f8e55c6"},"headline":"Recarga invernal 2025-2026 en Espa\u00f1a: las reservas h\u00eddricas alcanzan su nivel m\u00e1s alto en a\u00f1os\u00a0","datePublished":"2026-04-17T12:37:02+00:00","dateModified":"2026-04-17T12:58:04+00:00","mainEntityOfPage":{"@id":"https:\/\/weenat.com\/es\/recarga-invernal-2025-2026\/"},"wordCount":1247,"publisher":{"@id":"https:\/\/weenat.com\/es\/#organization"},"image":{"@id":"https:\/\/weenat.com\/es\/recarga-invernal-2025-2026\/#primaryimage"},"thumbnailUrl":"https:\/\/weenat.com\/wp-content\/uploads\/2026\/04\/Comm_2026_ESP_CUMUL_PRECIP.webp","articleSection":["M\u00e9t\u00e9o agricole"],"inLanguage":"es"},{"@type":"WebPage","@id":"https:\/\/weenat.com\/es\/recarga-invernal-2025-2026\/","url":"https:\/\/weenat.com\/es\/recarga-invernal-2025-2026\/","name":"Recarga invernal 2025-2026 en Espa\u00f1a: las reservas h\u00eddricas alcanzan su nivel m\u00e1s alto en a\u00f1os\u00a0 | Weenat","isPartOf":{"@id":"https:\/\/weenat.com\/es\/#website"},"primaryImageOfPage":{"@id":"https:\/\/weenat.com\/es\/recarga-invernal-2025-2026\/#primaryimage"},"image":{"@id":"https:\/\/weenat.com\/es\/recarga-invernal-2025-2026\/#primaryimage"},"thumbnailUrl":"https:\/\/weenat.com\/wp-content\/uploads\/2026\/04\/Comm_2026_ESP_CUMUL_PRECIP.webp","datePublished":"2026-04-17T12:37:02+00:00","dateModified":"2026-04-17T12:58:04+00:00","breadcrumb":{"@id":"https:\/\/weenat.com\/es\/recarga-invernal-2025-2026\/#breadcrumb"},"inLanguage":"es","potentialAction":[{"@type":"ReadAction","target":["https:\/\/weenat.com\/es\/recarga-invernal-2025-2026\/"]}]},{"@type":"ImageObject","inLanguage":"es","@id":"https:\/\/weenat.com\/es\/recarga-invernal-2025-2026\/#primaryimage","url":"https:\/\/weenat.com\/wp-content\/uploads\/2026\/04\/Comm_2026_ESP_CUMUL_PRECIP.webp","contentUrl":"https:\/\/weenat.com\/wp-content\/uploads\/2026\/04\/Comm_2026_ESP_CUMUL_PRECIP.webp","width":800,"height":797},{"@type":"BreadcrumbList","@id":"https:\/\/weenat.com\/es\/recarga-invernal-2025-2026\/#breadcrumb","itemListElement":[{"@type":"ListItem","position":1,"name":"Weenat","item":"https:\/\/weenat.com\/es\/"},{"@type":"ListItem","position":2,"name":"Recarga invernal 2025-2026 en Espa\u00f1a: las reservas h\u00eddricas alcanzan su nivel m\u00e1s alto en a\u00f1os\u00a0"}]},{"@type":"WebSite","@id":"https:\/\/weenat.com\/es\/#website","url":"https:\/\/weenat.com\/es\/","name":"Weenat","description":"","publisher":{"@id":"https:\/\/weenat.com\/es\/#organization"},"potentialAction":[{"@type":"SearchAction","target":{"@type":"EntryPoint","urlTemplate":"https:\/\/weenat.com\/es\/?s={search_term_string}"},"query-input":{"@type":"PropertyValueSpecification","valueRequired":true,"valueName":"search_term_string"}}],"inLanguage":"es"},{"@type":"Organization","@id":"https:\/\/weenat.com\/es\/#organization","name":"Weenat","url":"https:\/\/weenat.com\/es\/","logo":{"@type":"ImageObject","inLanguage":"es","@id":"https:\/\/weenat.com\/es\/#\/schema\/logo\/image\/","url":"https:\/\/weenat.com\/wp-content\/uploads\/2025\/11\/Logo_Bleu_Weenat.svg","contentUrl":"https:\/\/weenat.com\/wp-content\/uploads\/2025\/11\/Logo_Bleu_Weenat.svg","width":753,"height":175,"caption":"Weenat"},"image":{"@id":"https:\/\/weenat.com\/es\/#\/schema\/logo\/image\/"},"sameAs":["https:\/\/www.facebook.com\/weenatcom\/","https:\/\/www.instagram.com\/weenat_solutions\/","https:\/\/www.linkedin.com\/company\/weenat-solutions"]},{"@type":"Person","@id":"https:\/\/weenat.com\/es\/#\/schema\/person\/6a8fcf8e17e1f82d625f54877f8e55c6","name":"Guillaume Dechandon","image":{"@type":"ImageObject","inLanguage":"es","@id":"https:\/\/secure.gravatar.com\/avatar\/fbd215e250c16cd4591e78d6c548a4b69a9ceacfd4e680867ceefdf8ba04188c?s=96&d=mm&r=g","url":"https:\/\/secure.gravatar.com\/avatar\/fbd215e250c16cd4591e78d6c548a4b69a9ceacfd4e680867ceefdf8ba04188c?s=96&d=mm&r=g","contentUrl":"https:\/\/secure.gravatar.com\/avatar\/fbd215e250c16cd4591e78d6c548a4b69a9ceacfd4e680867ceefdf8ba04188c?s=96&d=mm&r=g","caption":"Guillaume Dechandon"},"url":"https:\/\/weenat.com\/es\/author\/guillaume\/"}]}},"_links":{"self":[{"href":"https:\/\/weenat.com\/es\/wp-json\/wp\/v2\/posts\/298257","targetHints":{"allow":["GET"]}}],"collection":[{"href":"https:\/\/weenat.com\/es\/wp-json\/wp\/v2\/posts"}],"about":[{"href":"https:\/\/weenat.com\/es\/wp-json\/wp\/v2\/types\/post"}],"author":[{"embeddable":true,"href":"https:\/\/weenat.com\/es\/wp-json\/wp\/v2\/users\/7"}],"replies":[{"embeddable":true,"href":"https:\/\/weenat.com\/es\/wp-json\/wp\/v2\/comments?post=298257"}],"version-history":[{"count":5,"href":"https:\/\/weenat.com\/es\/wp-json\/wp\/v2\/posts\/298257\/revisions"}],"predecessor-version":[{"id":298289,"href":"https:\/\/weenat.com\/es\/wp-json\/wp\/v2\/posts\/298257\/revisions\/298289"}],"wp:featuredmedia":[{"embeddable":true,"href":"https:\/\/weenat.com\/es\/wp-json\/wp\/v2\/media\/298263"}],"wp:attachment":[{"href":"https:\/\/weenat.com\/es\/wp-json\/wp\/v2\/media?parent=298257"}],"wp:term":[{"taxonomy":"category","embeddable":true,"href":"https:\/\/weenat.com\/es\/wp-json\/wp\/v2\/categories?post=298257"},{"taxonomy":"post_tag","embeddable":true,"href":"https:\/\/weenat.com\/es\/wp-json\/wp\/v2\/tags?post=298257"}],"curies":[{"name":"wp","href":"https:\/\/api.w.org\/{rel}","templated":true}]}}