{"id":301072,"date":"2026-09-02T11:03:37","date_gmt":"2026-09-02T09:03:37","guid":{"rendered":"https:\/\/weenat.com\/?p=301072"},"modified":"2026-09-03T09:51:23","modified_gmt":"2026-09-03T07:51:23","slug":"sequia-en-espana","status":"publish","type":"post","link":"https:\/\/weenat.com\/es\/sequia-en-espana\/","title":{"rendered":"Sequ\u00eda en Espa\u00f1a 2026: as\u00ed est\u00e1 el balance h\u00eddrico por regi\u00f3n"},"content":{"rendered":"\n<p>La reserva h\u00eddrica espa\u00f1ola se sit\u00faa al&nbsp;<strong>64,0 % de su capacidad total<\/strong>. Los embalses almacenan 35.875 hect\u00f3metros c\u00fabicos (hm\u00b3), un volumen que ha ca\u00eddo en 495 hm\u00b3 durante la \u00faltima semana, el equivalente al 0,9 % de la capacidad total del sistema. Detr\u00e1s de esta cifra nacional se esconde una Espa\u00f1a partida en dos: una vertiente Atl\u00e1ntica que resiste bien y una vertiente Mediterr\u00e1nea que empieza a apretar.<\/p>\n\n\n\n<p>Para entender qu\u00e9 hay detr\u00e1s de estos porcentajes y qu\u00e9 significan sobre el terreno, hemos pedido a&nbsp;<strong>Emmanuel Buisson, experto agrometeorol\u00f3gico colaborador de Weenat<\/strong>, que nos ayude a interpretarlos.<\/p>\n\n\n\n<h2 class=\"wp-block-heading\">El mapa de los embalses, cuenca por cuenca<\/h2>\n\n\n\n<figure class=\"wp-block-image aligncenter size-full is-resized\"><img loading=\"lazy\" decoding=\"async\" width=\"1620\" height=\"1620\" src=\"https:\/\/weenat.com\/wp-content\/uploads\/2026\/09\/20260901_Reserva-hidrica-Cuadrado.webp\" alt=\"\" class=\"wp-image-301076\" style=\"width:514px;height:auto\"\/><\/figure>\n\n\n\n<p>El patr\u00f3n es claro:&nbsp;<strong>el Cant\u00e1brico, el noroeste y el sur atl\u00e1ntico superan ampliamente el 70 %<\/strong>, mientras que&nbsp;<strong>Segura, J\u00facar y Ebro rondan apenas el 53-55 %<\/strong>. Las lluvias de la \u00faltima semana lo confirman: la estaci\u00f3n de Vigo (A) registr\u00f3 la m\u00e1xima nacional, con 84,1 l\/m\u00b2, mientras la vertiente Mediterr\u00e1nea apenas ha recibido precipitaciones rese\u00f1ables.<\/p>\n\n\n\n<p><\/p>\n\n\n\n<div class=\"wp-block-columns is-layout-flex wp-container-core-columns-is-layout-9d6595d7 wp-block-columns-is-layout-flex\">\n<div class=\"wp-block-column gut-focus has-text-color has-background has-link-color wp-elements-0987dda6db85c7ba2a8dee8b88ffc7f5 is-layout-flow wp-block-column-is-layout-flow\" style=\"color:#002635;background-color:#0172a41a\">\n<p><\/p>\n\n\n\n<div class=\"wp-block-columns is-layout-flex wp-container-core-columns-is-layout-9d6595d7 wp-block-columns-is-layout-flex\">\n<div class=\"wp-block-column is-layout-flow wp-block-column-is-layout-flow\">\n<div class=\"wp-block-group is-nowrap is-layout-flex wp-container-core-group-is-layout-ad2f72ca wp-block-group-is-layout-flex\">\n<div class=\"wp-block-media-text\" style=\"grid-template-columns:17% auto\"><figure class=\"wp-block-media-text__media\"><img loading=\"lazy\" decoding=\"async\" width=\"204\" height=\"204\" src=\"https:\/\/weenat.com\/wp-content\/uploads\/2026\/09\/Emmanuel-Buisson-3.webp\" alt=\"\" class=\"wp-image-301091 size-full\"\/><\/figure><div class=\"wp-block-media-text__content\">\n<p><em><em>\u00abNo es una sorpresa\u00bb explica Emmanuel Buisson. \u00abLlevamos meses viendo c\u00f3mo los frentes atl\u00e1nticos entran con fuerza por Galicia y el Cant\u00e1brico, y pierden intensidad seg\u00fan avanzan hacia el Levante. El resultado es una Espa\u00f1a a dos velocidades: los embalses del arco mediterr\u00e1neo, que adem\u00e1s abastecen algunas de las zonas de regad\u00edo m\u00e1s intensivas del pa\u00eds, no est\u00e1n teniendo el mismo respiro que el resto.\u00bb<\/em><\/em><\/p>\n<\/div><\/div>\n<\/div>\n<\/div>\n<\/div>\n<\/div>\n<\/div>\n\n\n\n<p><\/p>\n\n\n\n<h2 class=\"wp-block-heading\">Lo que dice el balance h\u00eddrico del suelo<\/h2>\n\n\n\n<p>Los embalses miden el agua almacenada, pero para un agricultor lo que realmente importa es el agua disponible en la parcela. Con los datos de la red agroclim\u00e1tica de Weenat (precipitaci\u00f3n y evapotranspiraci\u00f3n diarias, de enero a agosto de 2026) hemos calculado el balance h\u00eddrico acumulado (P-ETP) por comunidad aut\u00f3noma:<\/p>\n\n\n\n<p><\/p>\n\n\n\n<div id=\"app-espagne-balance\" style=\"width: 100%; max-width: 800px; margin: 20px auto; background: #ffffff; padding: 20px; border-radius: 8px; box-shadow: 0 4px 15px rgba(0,0,0,0.05); font-family: -apple-system, BlinkMacSystemFont, 'Segoe UI', Roboto, Helvetica, Arial, sans-serif;\">\n    \n    <p style=\"color: #0284c7; font-size: 24px; margin-bottom: 10px; text-align: center;\">\ud83d\udca7 Balance H\u00eddrico en Espa\u00f1a<\/p>\n    <p style=\"color: #6b7280; font-size: 14px; text-align: center; margin-bottom: 25px;\">Acumulado del 1 de enero al 1 de septiembre de 2026 (Precipitaci\u00f3n &#8211; ETP)<\/p>\n\n    <!-- L\u00e9gende centr\u00e9e -->\n    <div style=\"display: flex; justify-content: center; align-items: center; margin-bottom: 20px; font-size: 13px; color: #4b5563; flex-wrap: wrap;\">\n        <span style=\"margin-right: 15px; font-weight: bold; color: #374151;\">D\u00e9ficit H\u00eddrico (mm) :<\/span>\n        <div style=\"display: flex; align-items: center; margin-right: 12px;\"><div style=\"width: 16px; height: 16px; background: #ffeda0; border: 1px solid #9ca3af; margin-right: 5px;\"><\/div><span>0 a -70<\/span><\/div>\n        <div style=\"display: flex; align-items: center; margin-right: 12px;\"><div style=\"width: 16px; height: 16px; background: #fed976; border: 1px solid #9ca3af; margin-right: 5px;\"><\/div><span>-70 a -110<\/span><\/div>\n        <div style=\"display: flex; align-items: center; margin-right: 12px;\"><div style=\"width: 16px; height: 16px; background: #feb24c; border: 1px solid #9ca3af; margin-right: 5px;\"><\/div><span>-110 a -135<\/span><\/div>\n        <div style=\"display: flex; align-items: center; margin-right: 12px;\"><div style=\"width: 16px; height: 16px; background: #fd8d3c; border: 1px solid #9ca3af; margin-right: 5px;\"><\/div><span>-135 a -145<\/span><\/div>\n        <div style=\"display: flex; align-items: center; margin-right: 12px;\"><div style=\"width: 16px; height: 16px; background: #e31a1c; border: 1px solid #9ca3af; margin-right: 5px;\"><\/div><span>-145 a -160<\/span><\/div>\n        <div style=\"display: flex; align-items: center;\"><div style=\"width: 16px; height: 16px; background: #bd0026; border: 1px solid #9ca3af; margin-right: 5px;\"><\/div><span>< -160<\/span><\/div>\n    <\/div>\n\n    <!-- Wrapper et SVG adaptatifs (viewBox) pour un centrage parfait -->\n    <div id=\"carte-wrapper-es\" style=\"position: relative; width: 100%; text-align: center; overflow: visible;\">\n        <div id=\"tooltip-es\" style=\"position: absolute; text-align: left; padding: 12px; font-size: 14px; background: rgba(255, 255, 255, 0.98); border: 1px solid #d1d5db; border-radius: 8px; pointer-events: none; opacity: 0; box-shadow: 0 4px 6px rgba(0,0,0,0.1); transition: opacity 0.2s; z-index: 99999; color: #1f2937; min-width: 150px;\"><\/div>\n        <svg id=\"svg-map-es\" viewBox=\"0 0 800 500\" style=\"width: 100%; height: auto; display: block; margin: 0 auto;\"><\/svg>\n    <\/div>\n\n    <div style=\"margin-top: 25px; text-align: center;\">\n        <img decoding=\"async\" src=\"https:\/\/weenat.com\/wp-content\/uploads\/2026\/09\/WeenatxMV-horizontal-ES.webp\" alt=\"Datos de Meteo Vision desarrollados por Weenat\" style=\"max-width: 50%; height: auto; border-radius: 4px; display: block; margin: 0 auto;\">\n    <\/div>\n<\/div>\n\n<script src=\"https:\/\/d3js.org\/d3.v7.min.js\"><\/script>\n<script>\ndocument.addEventListener(\"DOMContentLoaded\", function() {\n    const dataES = {\n        \"Pais Vasco\": -170.6, \n        \"Islas Baleares\": -154.2, \n        \"Andaluc\u00eda\": -150.1, \n        \"La Rioja\": -149.4, \n        \"Arag\u00f3n\": -145.8, \n        \"Catalu\u00f1a\": -143.4, \n        \"Principado de Asturias\": -140.7, \n        \"Castilla La Mancha\": -137.8, \n        \"Comunidad Valenciana\": -135.5, \n        \"Cantabria\": -131.9, \n        \"Galicia\": -130.7, \n        \"Comunidad Foral de Navarra\": -129.8, \n        \"Extremadura\": -104.3, \n        \"Ceuta\": -101.8, \n        \"Regi\u00f3n de Murcia\": -68.7, \n        \"Castilla y Le\u00f3n\": -67.1, \n        \"Comunidad de Madrid\": -55.4\n    };\n\n    function normalizeName(name) {\n        if(!name) return null;\n        const lower = name.toLowerCase().normalize(\"NFD\").replace(\/[\\u0300-\\u036f]\/g, \"\").trim();\n        const alias = {\n            'andalucia': 'Andaluc\u00eda',\n            'andalusia': 'Andaluc\u00eda',\n            'aragon': 'Arag\u00f3n',\n            'cantabria': 'Cantabria',\n            'castilla la mancha': 'Castilla La Mancha',\n            'castilla-la mancha': 'Castilla La Mancha',\n            'castile-la mancha': 'Castilla La Mancha',\n            'castilla y leon': 'Castilla y Le\u00f3n',\n            'castile and leon': 'Castilla y Le\u00f3n',\n            'castilla-leon': 'Castilla y Le\u00f3n',\n            'cataluna': 'Catalu\u00f1a',\n            'catalunya': 'Catalu\u00f1a',\n            'catalonia': 'Catalu\u00f1a',\n            'navarra': 'Comunidad Foral de Navarra',\n            'comunidad foral de navarra': 'Comunidad Foral de Navarra',\n            'comunidad valenciana': 'Comunidad Valenciana',\n            'valencian community': 'Comunidad Valenciana',\n            'valencia': 'Comunidad Valenciana',\n            'madrid': 'Comunidad de Madrid',\n            'comunidad de madrid': 'Comunidad de Madrid',\n            'community of madrid': 'Comunidad de Madrid',\n            'extremadura': 'Extremadura',\n            'galicia': 'Galicia',\n            'islas baleares': 'Islas Baleares',\n            'illes balears': 'Islas Baleares',\n            'baleares': 'Islas Baleares',\n            'balearic islands': 'Islas Baleares',\n            'la rioja': 'La Rioja',\n            'pais vasco': 'Pais Vasco',\n            'basque country': 'Pais Vasco',\n            'euskadi': 'Pais Vasco',\n            'asturias': 'Principado de Asturias',\n            'principado de asturias': 'Principado de Asturias',\n            'principality of asturias': 'Principado de Asturias',\n            'murcia': 'Regi\u00f3n de Murcia',\n            'region de murcia': 'Regi\u00f3n de Murcia',\n            'ceuta': 'Ceuta'\n        };\n        return alias[lower] || null;\n    }\n\n    const svg = d3.select(\"#svg-map-es\");\n    const width = 800;\n    const height = 500;\n    \n    const projection = d3.geoMercator();\n    const path = d3.geoPath().projection(projection);\n    \n    const tooltip = d3.select(\"#tooltip-es\");\n    const wrapper = document.getElementById('carte-wrapper-es');\n\n    function getColor(d) {\n        return d <= -160 ? '#bd0026' : \n               d <= -145 ? '#e31a1c' : \n               d <= -135 ? '#fd8d3c' : \n               d <= -110 ? '#feb24c' : \n               d <= -70  ? '#fed976' : \n                           '#ffeda0';\n    }\n\n    const geoUrl = \"https:\/\/raw.githubusercontent.com\/codeforamerica\/click_that_hood\/master\/public\/data\/spain-communities.geojson\";\n    const geoUrlFallback = \"https:\/\/raw.githubusercontent.com\/R-CoderDotCom\/data\/main\/sample_datasets\/spain.geojson\";\n\n    function draw(geoData) {\n        \/\/ Filtrer les \u00celes Canaries pour centrer parfaitement la p\u00e9ninsule et les Bal\u00e9ares\n        geoData.features = geoData.features.filter(d => {\n            const prop = d.properties.name || d.properties.NAME_1 || d.properties.nom || d.properties.Comunidad;\n            const lowerName = prop ? prop.toLowerCase() : \"\";\n            return lowerName.indexOf('canarias') === -1 && lowerName.indexOf('canary') === -1;\n        });\n\n        \/\/ Ajuste la carte exactement aux dimensions de la zone de dessin\n        projection.fitExtent([[10, 10], [width - 10, height - 10]], geoData);\n\n        svg.selectAll(\"path\")\n            .data(geoData.features)\n            .join(\"path\")\n            .attr(\"d\", path)\n            .style(\"stroke\", \"#ffffff\")\n            .style(\"stroke-width\", \"0.8px\")\n            .style(\"fill\", d => {\n                const prop = d.properties.name || d.properties.NAME_1 || d.properties.nom || d.properties.Comunidad;\n                const standardName = normalizeName(prop);\n                return (standardName && dataES[standardName] !== undefined) ? getColor(dataES[standardName]) : \"#e5e7eb\";\n            })\n            .style(\"cursor\", \"pointer\")\n            .style(\"transition\", \"fill 0.4s ease, stroke 0.2s, stroke-width 0.2s\")\n            .on(\"mouseover\", function(event, d) {\n                const prop = d.properties.name || d.properties.NAME_1 || d.properties.nom || d.properties.Comunidad;\n                const standardName = normalizeName(prop);\n                \n                if(!standardName || dataES[standardName] === undefined) return;\n\n                d3.select(this).style(\"stroke\", \"#0284c7\").style(\"stroke-width\", \"2.5px\").raise();\n                \n                const val = dataES[standardName].toFixed(1);\n                tooltip.style(\"opacity\", 1)\n                       .html(`<b style=\"color:#0284c7; font-size:16px;\">${standardName}<\/b><br\/>\n                              <hr style=\"margin: 8px 0; border: 0; border-top: 1px solid #e5e7eb;\">\n                              Balance H\u00eddrico : <b style=\"color:#e31a1c;\">${val} mm<\/b>`);\n            })\n            .on(\"mousemove\", event => {\n                const rect = wrapper.getBoundingClientRect();\n                \/\/ Ajustement dynamique du tooltip selon la position de la souris\n                tooltip.style(\"left\", (event.clientX - rect.left + 15) + \"px\")\n                       .style(\"top\", (event.clientY - rect.top - 15) + \"px\");\n            })\n            .on(\"mouseout\", function() {\n                d3.select(this).style(\"stroke\", \"#ffffff\").style(\"stroke-width\", \"0.8px\");\n                tooltip.style(\"opacity\", 0);\n            });\n    }\n\n    d3.json(geoUrl).then(draw).catch(() => {\n        d3.json(geoUrlFallback).then(draw).catch(err => {\n            wrapper.innerHTML = \"<p style='text-align:center;color:red;'>Error al cargar el mapa. Verifica la conexi\u00f3n.<\/p>\";\n        });\n    });\n});\n<\/script>\n\n\n\n<p><\/p>\n\n\n\n<p><\/p>\n\n\n\n<div class=\"wp-block-columns is-layout-flex wp-container-core-columns-is-layout-9d6595d7 wp-block-columns-is-layout-flex\">\n<div class=\"wp-block-column gut-focus has-text-color has-background has-link-color wp-elements-5bbbdab9daf999ff241dce354bb2c931 is-layout-flow wp-block-column-is-layout-flow\" style=\"color:#002635;background-color:#0172a41a\">\n<p><\/p>\n\n\n\n<div class=\"wp-block-columns is-layout-flex wp-container-core-columns-is-layout-9d6595d7 wp-block-columns-is-layout-flex\">\n<div class=\"wp-block-column is-layout-flow wp-block-column-is-layout-flow\">\n<div class=\"wp-block-group is-nowrap is-layout-flex wp-container-core-group-is-layout-ad2f72ca wp-block-group-is-layout-flex\">\n<div class=\"wp-block-media-text\" style=\"grid-template-columns:17% auto\"><figure class=\"wp-block-media-text__media\"><img loading=\"lazy\" decoding=\"async\" width=\"204\" height=\"204\" src=\"https:\/\/weenat.com\/wp-content\/uploads\/2026\/09\/Emmanuel-Buisson-3.webp\" alt=\"\" class=\"wp-image-301091 size-full\"\/><\/figure><div class=\"wp-block-media-text__content\">\n<p><em><em><em>\u00abEste es el matiz que aporta el dato de campo\u00bb <\/em>apunta <strong>Emmanuel<\/strong> <strong>Buisson<\/strong>. <em>\u00abEl d\u00e9ficit acumulado no sigue exactamente la misma geograf\u00eda que la reserva de los embalses, porque no habla de cuencas hidrogr\u00e1ficas sino de lo que realmente le ha faltado al cultivo, d\u00eda a d\u00eda, desde enero. Vemos comunidades con embalses relativamente c\u00f3modos, como el Pa\u00eds Vasco, que sin embargo acumulan uno de los mayores d\u00e9ficits de suelo del pa\u00eds. Es la prueba de que reserva embalsada y estr\u00e9s h\u00eddrico en parcela son dos indicadores distintos, y un agricultor necesita los dos para decidir cu\u00e1ndo y cu\u00e1nto regar.\u00bb<\/em><\/em><\/em><\/p>\n<\/div><\/div>\n<\/div>\n<\/div>\n<\/div>\n<\/div>\n<\/div>\n\n\n\n<p><\/p>\n\n\n\n<p><\/p>\n\n\n\n<h2 class=\"wp-block-heading\">Consecuencias para el campo: calor extremo y sequ\u00eda en el campo<\/h2>\n\n\n\n<p>El descenso de los embalses no es un dato aislado: llega tras el verano m\u00e1s c\u00e1lido registrado en Espa\u00f1a desde que existen registros (1961), seg\u00fan la AEMET. Junio de 2026 fue 3,2 \u00b0C m\u00e1s c\u00e1lido de lo normal y solo dej\u00f3 el 39 % de las precipitaciones habituales; julio, con 2,6 \u00b0C por encima de la media y apenas el 26 % de lluvia, ha sido el mes m\u00e1s c\u00e1lido y seco de toda la serie hist\u00f3rica, no solo entre los julios. El pa\u00eds ha encadenado tres o cuatro olas de calor, con m\u00e1ximas de hasta 44-45 \u00b0C en Murcia, Granada o el valle del Guadalquivir.<\/p>\n\n\n\n<p>Esta combinaci\u00f3n de calor extremo y&nbsp;<strong>sequ\u00eda en Espa\u00f1a<\/strong>&nbsp;ya se refleja en la cosecha. La Comisi\u00f3n Europea ha recortado su previsi\u00f3n de producci\u00f3n de cereales para la UE-27 a 262,8 Mt para la campa\u00f1a de 2026 (-9,3 % respecto a 2025), y Espa\u00f1a figura entre las zonas con mayor d\u00e9ficit de lluvias. Seg\u00fan las estimaciones trasladadas por Uni\u00f3n de Uniones, Castilla y Le\u00f3n, primera comunidad cerealista del pa\u00eds, puede llegar a perder hasta el 40 % de la producci\u00f3n prevista; en Castilla-La Mancha y Andaluc\u00eda las p\u00e9rdidas rondan el 30 %. El calor adelantado en primavera aceler\u00f3 la maduraci\u00f3n de los cultivos y limit\u00f3 el llenado del grano, justo cuando m\u00e1s agua necesitaban.<\/p>\n\n\n\n<p>Sobre el terreno, el estr\u00e9s h\u00eddrico prolongado afecta a los cultivos en varios frentes:<\/p>\n\n\n\n<ul class=\"wp-block-list\">\n<li><strong>Reducci\u00f3n de rendimiento y calidad<\/strong>: menor tama\u00f1o y turgencia de frutos y hojas, con riesgo de p\u00e9rdida total en los casos m\u00e1s severos.<\/li>\n\n\n\n<li><strong>Adelanto y acortamiento de los ciclos<\/strong>: el calor extremo fuerza una maduraci\u00f3n prematura que recorta la fase de llenado de grano o fruto.<\/li>\n\n\n\n<li><strong>Mayor vulnerabilidad a plagas y enfermedades<\/strong>: los cultivos debilitados por la falta de agua ven comprometidas sus defensas naturales.<\/li>\n\n\n\n<li><strong>Degradaci\u00f3n del suelo<\/strong>: la falta de humedad, combinada con temperaturas elevadas, altera la actividad biol\u00f3gica del suelo y dificulta la absorci\u00f3n de nutrientes.<\/li>\n<\/ul>\n\n\n\n<p><\/p>\n\n\n\n<div class=\"wp-block-columns is-layout-flex wp-container-core-columns-is-layout-9d6595d7 wp-block-columns-is-layout-flex\">\n<div class=\"wp-block-column gut-focus has-text-color has-background has-link-color wp-elements-7ee280ff3c0574121337481aee60df48 is-layout-flow wp-block-column-is-layout-flow\" style=\"color:#002635;background-color:#0172a41a\">\n<p><\/p>\n\n\n\n<div class=\"wp-block-columns is-layout-flex wp-container-core-columns-is-layout-9d6595d7 wp-block-columns-is-layout-flex\">\n<div class=\"wp-block-column is-layout-flow wp-block-column-is-layout-flow\">\n<div class=\"wp-block-group is-nowrap is-layout-flex wp-container-core-group-is-layout-ad2f72ca wp-block-group-is-layout-flex\">\n<div class=\"wp-block-media-text\" style=\"grid-template-columns:17% auto\"><figure class=\"wp-block-media-text__media\"><img loading=\"lazy\" decoding=\"async\" width=\"204\" height=\"204\" src=\"https:\/\/weenat.com\/wp-content\/uploads\/2026\/09\/Emmanuel-Buisson-3.webp\" alt=\"\" class=\"wp-image-301091 size-full\"\/><\/figure><div class=\"wp-block-media-text__content\">\n<p><em><em><em>\u00abLo que estamos viendo en 2026 no es un episodio puntual, es la suma de dos factores que se retroalimentan: calor extremo y falta de lluvia\u00bb<\/em> explica Emmanuel Buisson. <em>\u00abEl calor aumenta la evapotranspiraci\u00f3n, seca antes el suelo, y eso obliga a los cultivos a tirar de una reserva de agua que ya ven\u00eda mermada desde la primavera. Por eso, cuando se consulta el&nbsp;<strong>mapa de sequ\u00eda en Espa\u00f1a<\/strong>&nbsp;junto a las previsiones de cosecha, se entiende por qu\u00e9 las p\u00e9rdidas se concentran justo en las zonas cerealistas del centro y el sur peninsular.\u00bb<\/em><\/em><\/em><\/p>\n<\/div><\/div>\n<\/div>\n<\/div>\n<\/div>\n<\/div>\n<\/div>\n\n\n\n<p><\/p>\n\n\n\n<p><\/p>\n\n\n\n<h2 class=\"wp-block-heading\">Qu\u00e9 implica para la campa\u00f1a que viene<\/h2>\n\n\n\n<p>Para Emmanuel Buisson, la lectura pr\u00e1ctica de estos datos se resume en tres puntos:<\/p>\n\n\n\n<ul class=\"wp-block-list\">\n<li><strong>Priorizar el riego de precisi\u00f3n en las cuencas del Segura, el J\u00facar y el Ebro<\/strong>, donde el margen de reserva es m\u00e1s estrecho y cualquier retraso de las lluvias de oto\u00f1o tensionar\u00e1 a\u00fan m\u00e1s el sistema.<\/li>\n\n\n\n<li><strong>No confiarse en las cuencas \u00abc\u00f3modas\u00bb<\/strong>: una reserva del 70-78 % en el embalse no impide un d\u00e9ficit h\u00eddrico marcado en el suelo, como muestran los datos de Catalu\u00f1a, Andaluc\u00eda o el Pa\u00eds Vasco.<\/li>\n\n\n\n<li><strong>Seguir de cerca la evoluci\u00f3n semana a semana<\/strong>, porque el desequilibrio entre vertiente Atl\u00e1ntica y Mediterr\u00e1nea puede acentuarse si el patr\u00f3n de lluvias de este verano se repite en el oto\u00f1o.<\/li>\n<\/ul>\n\n\n\n<p><\/p>\n\n\n\n<div class=\"wp-block-columns is-layout-flex wp-container-core-columns-is-layout-9d6595d7 wp-block-columns-is-layout-flex\">\n<div class=\"wp-block-column gut-focus has-text-color has-background has-link-color wp-elements-b9400e265bf1f901a62cad9a70d3afbf is-layout-flow wp-block-column-is-layout-flow\" style=\"color:#002635;background-color:#0172a41a\">\n<p><\/p>\n\n\n\n<div class=\"wp-block-columns is-layout-flex wp-container-core-columns-is-layout-9d6595d7 wp-block-columns-is-layout-flex\">\n<div class=\"wp-block-column is-layout-flow wp-block-column-is-layout-flow\">\n<div class=\"wp-block-group is-nowrap is-layout-flex wp-container-core-group-is-layout-ad2f72ca wp-block-group-is-layout-flex\">\n<div class=\"wp-block-media-text\" style=\"grid-template-columns:17% auto\"><figure class=\"wp-block-media-text__media\"><img loading=\"lazy\" decoding=\"async\" width=\"204\" height=\"204\" src=\"https:\/\/weenat.com\/wp-content\/uploads\/2026\/09\/Emmanuel-Buisson-3.webp\" alt=\"\" class=\"wp-image-301091 size-full\"\/><\/figure><div class=\"wp-block-media-text__content\">\n<p><em><em><em>\u00abEl dato de embalse te dice c\u00f3mo est\u00e1 el pa\u00eds. El dato de parcela te dice c\u00f3mo est\u00e1 tu cultivo. Cruzar ambos es lo que permite anticipar, y no solo constatar, la sequ\u00eda\u00bb resume Emmanuel Buisson.<\/em><\/em><\/em><\/p>\n<\/div><\/div>\n<\/div>\n<\/div>\n<\/div>\n<\/div>\n<\/div>\n\n\n\n<p><\/p>\n\n\n\n<p><\/p>\n\n\n\n<div class=\"wp-block-columns is-layout-flex wp-container-core-columns-is-layout-9d6595d7 wp-block-columns-is-layout-flex\">\n<div class=\"wp-block-column gut-focus has-white-color has-text-color has-background has-link-color wp-elements-1e196ebd87dbe8f6535e5805a0c88a61 is-layout-flow wp-block-column-is-layout-flow\" style=\"background-color:#002635\">\n<p><\/p>\n\n\n\n<div class=\"wp-block-columns is-layout-flex wp-container-core-columns-is-layout-9d6595d7 wp-block-columns-is-layout-flex\">\n<div class=\"wp-block-column is-layout-flow wp-block-column-is-layout-flow\">\n<h3 class=\"wp-block-heading has-white-color has-text-color has-link-color wp-elements-5b60763723c0a49e19b4ccaf88044018\"><strong>\u00a1Desbloquee todo el potencial de la gesti\u00f3n de su riego!<\/strong><\/h3>\n\n\n\n<p class=\"has-white-color has-text-color has-link-color wp-elements-b8c1dde5b278740395e1549a91c88702\">Umbrales H\u00eddricos, Reserva de Agua Disponible, evapotranspiraci\u00f3n potencial y lluvia, acumulados de riego, alertas personalizadas\u2026<\/p>\n\n\n\n<p class=\"has-white-color has-text-color has-link-color wp-elements-ee36514896f2c2087cb27c0f264696e8\"><strong><strong>Todas estas funcionalidades est\u00e1n disponibles con la instalaci\u00f3n de sondas de humedad del suelo.<\/strong><\/strong><\/p>\n\n\n\n<p class=\"has-white-color has-text-color has-link-color wp-elements-b514cff976d0d2e2363970ec3da8b1b3\"><em><em>Cont\u00e1ctenos para obtener su presupuesto personalizado.<\/em><\/em><\/p>\n\n\n\n<p class=\"has-white-color has-text-color has-link-color wp-elements-c645e628e62f8fbab9d9726851472d16\"><\/p>\n\n\n\n<div class=\"hs-cta-embed hs-cta-simple-placeholder hs-cta-embed-287293314293\"\n  style=\"max-width:100%; max-height:100%; width:240px;height:42.3984375px\" data-hubspot-wrapper-cta-id=\"287293314293\">\n  <a href=\"https:\/\/cta-eu1.hubspot.com\/web-interactives\/public\/v1\/track\/redirect?encryptedPayload=AVxigLJx8eAN%2BJDKVVTsVmNtXL6p%2FGxSNPpDBU%2B65BBGI4WLo%2FdTvrhLtpMfbwm9ny4y4daa8VrMZd6mcSrRAWwmk4phXET2XT3hz%2BFP2ob1Da%2BKrG8%3D&#038;webInteractiveContentId=287293314293&#038;portalId=145695827\" target=\"_blank\" rel=\"noopener\" crossorigin=\"anonymous\">\n    <img decoding=\"async\" alt=\"PEDIR PRESUPUESTO\" loading=\"lazy\" src=\"https:\/\/hubspot-no-cache-eu1-prod.s3.amazonaws.com\/cta\/default\/145695827\/interactive-287293314293.png\" style=\"height: 100%; width: 100%; object-fit: fill\"\n      onerror=\"this.style.display='none'\" \/>\n  <\/a>\n<\/div>\n<\/div>\n\n\n\n<div class=\"wp-block-column is-layout-flow wp-block-column-is-layout-flow\">\n<figure class=\"wp-block-image aligncenter size-full is-resized\"><img loading=\"lazy\" decoding=\"async\" width=\"1131\" height=\"1508\" src=\"https:\/\/weenat.com\/wp-content\/uploads\/2025\/12\/Capacitive-weenat_Prune_3-green.webp\" alt=\"Capacitive-weenat_Prune\" class=\"wp-image-291618\" style=\"width:306px;height:auto\"\/><\/figure>\n<\/div>\n<\/div>\n<\/div>\n<\/div>\n\n\n\n<p><\/p>\n","protected":false},"excerpt":{"rendered":"<p>La reserva h\u00eddrica espa\u00f1ola se sit\u00faa al&nbsp;64,0 % de su capacidad total. Los embalses almacenan 35.875 hect\u00f3metros c\u00fabicos (hm\u00b3), un volumen que ha ca\u00eddo en 495 hm\u00b3 durante la \u00faltima semana, el equivalente al 0,9 % de la capacidad total del sistema. Detr\u00e1s de esta cifra nacional se esconde una Espa\u00f1a partida en dos: una [&hellip;]<\/p>\n","protected":false},"author":7,"featured_media":301095,"comment_status":"closed","ping_status":"closed","sticky":false,"template":"","format":"standard","meta":{"_acf_changed":false,"_et_pb_use_builder":"","_et_pb_old_content":"","_et_gb_content_width":"","footnotes":""},"categories":[138],"tags":[],"class_list":["post-301072","post","type-post","status-publish","format-standard","has-post-thumbnail","hentry","category-meteorologia-agricola"],"acf":[],"yoast_head":"<!-- This site is optimized with the Yoast SEO plugin v27.3 - https:\/\/yoast.com\/product\/yoast-seo-wordpress\/ -->\n<title>Sequia en Espa\u00f1a: estado actual de embalses | Weenat<\/title>\n<meta name=\"description\" content=\"Descubre la situaci\u00f3n de la sequ\u00eda en Espa\u00f1a: embalses con un 64 % de capacidad y diferencias marcadas entre regiones.\" \/>\n<meta name=\"robots\" content=\"index, follow, max-snippet:-1, max-image-preview:large, max-video-preview:-1\" \/>\n<link rel=\"canonical\" href=\"https:\/\/weenat.com\/es\/sequia-en-espana\/\" \/>\n<meta property=\"og:locale\" content=\"es_ES\" \/>\n<meta property=\"og:type\" content=\"article\" \/>\n<meta property=\"og:title\" content=\"Sequia en Espa\u00f1a: estado actual de embalses | Weenat\" \/>\n<meta property=\"og:description\" content=\"Descubre la situaci\u00f3n de la sequ\u00eda en Espa\u00f1a: embalses con un 64 % de capacidad y diferencias marcadas entre regiones.\" \/>\n<meta property=\"og:url\" content=\"https:\/\/weenat.com\/es\/sequia-en-espana\/\" \/>\n<meta property=\"og:site_name\" content=\"Weenat\" \/>\n<meta property=\"article:publisher\" content=\"https:\/\/www.facebook.com\/weenatcom\/\" \/>\n<meta property=\"article:published_time\" content=\"2026-09-02T09:03:37+00:00\" \/>\n<meta property=\"article:modified_time\" content=\"2026-09-03T07:51:23+00:00\" \/>\n<meta property=\"og:image\" content=\"https:\/\/weenat.com\/wp-content\/uploads\/2026\/09\/Screenshot-2026-09-03-at-09.48.01.webp\" \/>\n\t<meta property=\"og:image:width\" content=\"1580\" \/>\n\t<meta property=\"og:image:height\" content=\"1500\" \/>\n\t<meta property=\"og:image:type\" content=\"image\/webp\" \/>\n<meta name=\"author\" content=\"Guillaume Dechandon\" \/>\n<meta name=\"twitter:card\" content=\"summary_large_image\" \/>\n<meta name=\"twitter:label1\" content=\"Escrito por\" \/>\n\t<meta name=\"twitter:data1\" content=\"Guillaume Dechandon\" \/>\n\t<meta name=\"twitter:label2\" content=\"Tiempo de lectura\" \/>\n\t<meta name=\"twitter:data2\" content=\"7 minutos\" \/>\n<script type=\"application\/ld+json\" class=\"yoast-schema-graph\">{\"@context\":\"https:\\\/\\\/schema.org\",\"@graph\":[{\"@type\":\"Article\",\"@id\":\"https:\\\/\\\/weenat.com\\\/es\\\/sequia-en-espana\\\/#article\",\"isPartOf\":{\"@id\":\"https:\\\/\\\/weenat.com\\\/es\\\/sequia-en-espana\\\/\"},\"author\":{\"name\":\"Guillaume Dechandon\",\"@id\":\"https:\\\/\\\/weenat.com\\\/es\\\/#\\\/schema\\\/person\\\/6a8fcf8e17e1f82d625f54877f8e55c6\"},\"headline\":\"Sequ\u00eda en Espa\u00f1a 2026: as\u00ed est\u00e1 el balance h\u00eddrico por regi\u00f3n\",\"datePublished\":\"2026-09-02T09:03:37+00:00\",\"dateModified\":\"2026-09-03T07:51:23+00:00\",\"mainEntityOfPage\":{\"@id\":\"https:\\\/\\\/weenat.com\\\/es\\\/sequia-en-espana\\\/\"},\"wordCount\":1172,\"publisher\":{\"@id\":\"https:\\\/\\\/weenat.com\\\/es\\\/#organization\"},\"image\":{\"@id\":\"https:\\\/\\\/weenat.com\\\/es\\\/sequia-en-espana\\\/#primaryimage\"},\"thumbnailUrl\":\"https:\\\/\\\/weenat.com\\\/wp-content\\\/uploads\\\/2026\\\/09\\\/Screenshot-2026-09-03-at-09.48.01.webp\",\"articleSection\":[\"Meteorolog\u00eda agr\u00edcola\"],\"inLanguage\":\"es\"},{\"@type\":\"WebPage\",\"@id\":\"https:\\\/\\\/weenat.com\\\/es\\\/sequia-en-espana\\\/\",\"url\":\"https:\\\/\\\/weenat.com\\\/es\\\/sequia-en-espana\\\/\",\"name\":\"Sequia en Espa\u00f1a: estado actual de embalses | Weenat\",\"isPartOf\":{\"@id\":\"https:\\\/\\\/weenat.com\\\/es\\\/#website\"},\"primaryImageOfPage\":{\"@id\":\"https:\\\/\\\/weenat.com\\\/es\\\/sequia-en-espana\\\/#primaryimage\"},\"image\":{\"@id\":\"https:\\\/\\\/weenat.com\\\/es\\\/sequia-en-espana\\\/#primaryimage\"},\"thumbnailUrl\":\"https:\\\/\\\/weenat.com\\\/wp-content\\\/uploads\\\/2026\\\/09\\\/Screenshot-2026-09-03-at-09.48.01.webp\",\"datePublished\":\"2026-09-02T09:03:37+00:00\",\"dateModified\":\"2026-09-03T07:51:23+00:00\",\"description\":\"Descubre la situaci\u00f3n de la sequ\u00eda en Espa\u00f1a: embalses con un 64 % de capacidad y diferencias marcadas entre regiones.\",\"breadcrumb\":{\"@id\":\"https:\\\/\\\/weenat.com\\\/es\\\/sequia-en-espana\\\/#breadcrumb\"},\"inLanguage\":\"es\",\"potentialAction\":[{\"@type\":\"ReadAction\",\"target\":[\"https:\\\/\\\/weenat.com\\\/es\\\/sequia-en-espana\\\/\"]}]},{\"@type\":\"ImageObject\",\"inLanguage\":\"es\",\"@id\":\"https:\\\/\\\/weenat.com\\\/es\\\/sequia-en-espana\\\/#primaryimage\",\"url\":\"https:\\\/\\\/weenat.com\\\/wp-content\\\/uploads\\\/2026\\\/09\\\/Screenshot-2026-09-03-at-09.48.01.webp\",\"contentUrl\":\"https:\\\/\\\/weenat.com\\\/wp-content\\\/uploads\\\/2026\\\/09\\\/Screenshot-2026-09-03-at-09.48.01.webp\",\"width\":1580,\"height\":1500,\"caption\":\"Sequia en Espa\u00f1a\"},{\"@type\":\"BreadcrumbList\",\"@id\":\"https:\\\/\\\/weenat.com\\\/es\\\/sequia-en-espana\\\/#breadcrumb\",\"itemListElement\":[{\"@type\":\"ListItem\",\"position\":1,\"name\":\"Weenat\",\"item\":\"https:\\\/\\\/weenat.com\\\/es\\\/\"},{\"@type\":\"ListItem\",\"position\":2,\"name\":\"Sequ\u00eda en Espa\u00f1a 2026: as\u00ed est\u00e1 el balance h\u00eddrico por regi\u00f3n\"}]},{\"@type\":\"WebSite\",\"@id\":\"https:\\\/\\\/weenat.com\\\/es\\\/#website\",\"url\":\"https:\\\/\\\/weenat.com\\\/es\\\/\",\"name\":\"Weenat\",\"description\":\"\",\"publisher\":{\"@id\":\"https:\\\/\\\/weenat.com\\\/es\\\/#organization\"},\"potentialAction\":[{\"@type\":\"SearchAction\",\"target\":{\"@type\":\"EntryPoint\",\"urlTemplate\":\"https:\\\/\\\/weenat.com\\\/es\\\/?s={search_term_string}\"},\"query-input\":{\"@type\":\"PropertyValueSpecification\",\"valueRequired\":true,\"valueName\":\"search_term_string\"}}],\"inLanguage\":\"es\"},{\"@type\":\"Organization\",\"@id\":\"https:\\\/\\\/weenat.com\\\/es\\\/#organization\",\"name\":\"Weenat\",\"url\":\"https:\\\/\\\/weenat.com\\\/es\\\/\",\"logo\":{\"@type\":\"ImageObject\",\"inLanguage\":\"es\",\"@id\":\"https:\\\/\\\/weenat.com\\\/es\\\/#\\\/schema\\\/logo\\\/image\\\/\",\"url\":\"https:\\\/\\\/weenat.com\\\/wp-content\\\/uploads\\\/2025\\\/11\\\/Logo_Bleu_Weenat.svg\",\"contentUrl\":\"https:\\\/\\\/weenat.com\\\/wp-content\\\/uploads\\\/2025\\\/11\\\/Logo_Bleu_Weenat.svg\",\"width\":753,\"height\":175,\"caption\":\"Weenat\"},\"image\":{\"@id\":\"https:\\\/\\\/weenat.com\\\/es\\\/#\\\/schema\\\/logo\\\/image\\\/\"},\"sameAs\":[\"https:\\\/\\\/www.facebook.com\\\/weenatcom\\\/\",\"https:\\\/\\\/www.instagram.com\\\/weenat_solutions\\\/\",\"https:\\\/\\\/www.linkedin.com\\\/company\\\/weenat-solutions\"]},{\"@type\":\"Person\",\"@id\":\"https:\\\/\\\/weenat.com\\\/es\\\/#\\\/schema\\\/person\\\/6a8fcf8e17e1f82d625f54877f8e55c6\",\"name\":\"Guillaume Dechandon\",\"image\":{\"@type\":\"ImageObject\",\"inLanguage\":\"es\",\"@id\":\"https:\\\/\\\/secure.gravatar.com\\\/avatar\\\/fbd215e250c16cd4591e78d6c548a4b69a9ceacfd4e680867ceefdf8ba04188c?s=96&d=mm&r=g\",\"url\":\"https:\\\/\\\/secure.gravatar.com\\\/avatar\\\/fbd215e250c16cd4591e78d6c548a4b69a9ceacfd4e680867ceefdf8ba04188c?s=96&d=mm&r=g\",\"contentUrl\":\"https:\\\/\\\/secure.gravatar.com\\\/avatar\\\/fbd215e250c16cd4591e78d6c548a4b69a9ceacfd4e680867ceefdf8ba04188c?s=96&d=mm&r=g\",\"caption\":\"Guillaume Dechandon\"},\"url\":\"https:\\\/\\\/weenat.com\\\/es\\\/author\\\/guillaume\\\/\"}]}<\/script>\n<!-- \/ Yoast SEO plugin. -->","yoast_head_json":{"title":"Sequia en Espa\u00f1a: estado actual de embalses | Weenat","description":"Descubre la situaci\u00f3n de la sequ\u00eda en Espa\u00f1a: embalses con un 64 % de capacidad y diferencias marcadas entre regiones.","robots":{"index":"index","follow":"follow","max-snippet":"max-snippet:-1","max-image-preview":"max-image-preview:large","max-video-preview":"max-video-preview:-1"},"canonical":"https:\/\/weenat.com\/es\/sequia-en-espana\/","og_locale":"es_ES","og_type":"article","og_title":"Sequia en Espa\u00f1a: estado actual de embalses | Weenat","og_description":"Descubre la situaci\u00f3n de la sequ\u00eda en Espa\u00f1a: embalses con un 64 % de capacidad y diferencias marcadas entre regiones.","og_url":"https:\/\/weenat.com\/es\/sequia-en-espana\/","og_site_name":"Weenat","article_publisher":"https:\/\/www.facebook.com\/weenatcom\/","article_published_time":"2026-09-02T09:03:37+00:00","article_modified_time":"2026-09-03T07:51:23+00:00","og_image":[{"width":1580,"height":1500,"url":"https:\/\/weenat.com\/wp-content\/uploads\/2026\/09\/Screenshot-2026-09-03-at-09.48.01.webp","type":"image\/webp"}],"author":"Guillaume Dechandon","twitter_card":"summary_large_image","twitter_misc":{"Escrito por":"Guillaume Dechandon","Tiempo de lectura":"7 minutos"},"schema":{"@context":"https:\/\/schema.org","@graph":[{"@type":"Article","@id":"https:\/\/weenat.com\/es\/sequia-en-espana\/#article","isPartOf":{"@id":"https:\/\/weenat.com\/es\/sequia-en-espana\/"},"author":{"name":"Guillaume Dechandon","@id":"https:\/\/weenat.com\/es\/#\/schema\/person\/6a8fcf8e17e1f82d625f54877f8e55c6"},"headline":"Sequ\u00eda en Espa\u00f1a 2026: as\u00ed est\u00e1 el balance h\u00eddrico por regi\u00f3n","datePublished":"2026-09-02T09:03:37+00:00","dateModified":"2026-09-03T07:51:23+00:00","mainEntityOfPage":{"@id":"https:\/\/weenat.com\/es\/sequia-en-espana\/"},"wordCount":1172,"publisher":{"@id":"https:\/\/weenat.com\/es\/#organization"},"image":{"@id":"https:\/\/weenat.com\/es\/sequia-en-espana\/#primaryimage"},"thumbnailUrl":"https:\/\/weenat.com\/wp-content\/uploads\/2026\/09\/Screenshot-2026-09-03-at-09.48.01.webp","articleSection":["Meteorolog\u00eda agr\u00edcola"],"inLanguage":"es"},{"@type":"WebPage","@id":"https:\/\/weenat.com\/es\/sequia-en-espana\/","url":"https:\/\/weenat.com\/es\/sequia-en-espana\/","name":"Sequia en Espa\u00f1a: estado actual de embalses | Weenat","isPartOf":{"@id":"https:\/\/weenat.com\/es\/#website"},"primaryImageOfPage":{"@id":"https:\/\/weenat.com\/es\/sequia-en-espana\/#primaryimage"},"image":{"@id":"https:\/\/weenat.com\/es\/sequia-en-espana\/#primaryimage"},"thumbnailUrl":"https:\/\/weenat.com\/wp-content\/uploads\/2026\/09\/Screenshot-2026-09-03-at-09.48.01.webp","datePublished":"2026-09-02T09:03:37+00:00","dateModified":"2026-09-03T07:51:23+00:00","description":"Descubre la situaci\u00f3n de la sequ\u00eda en Espa\u00f1a: embalses con un 64 % de capacidad y diferencias marcadas entre regiones.","breadcrumb":{"@id":"https:\/\/weenat.com\/es\/sequia-en-espana\/#breadcrumb"},"inLanguage":"es","potentialAction":[{"@type":"ReadAction","target":["https:\/\/weenat.com\/es\/sequia-en-espana\/"]}]},{"@type":"ImageObject","inLanguage":"es","@id":"https:\/\/weenat.com\/es\/sequia-en-espana\/#primaryimage","url":"https:\/\/weenat.com\/wp-content\/uploads\/2026\/09\/Screenshot-2026-09-03-at-09.48.01.webp","contentUrl":"https:\/\/weenat.com\/wp-content\/uploads\/2026\/09\/Screenshot-2026-09-03-at-09.48.01.webp","width":1580,"height":1500,"caption":"Sequia en Espa\u00f1a"},{"@type":"BreadcrumbList","@id":"https:\/\/weenat.com\/es\/sequia-en-espana\/#breadcrumb","itemListElement":[{"@type":"ListItem","position":1,"name":"Weenat","item":"https:\/\/weenat.com\/es\/"},{"@type":"ListItem","position":2,"name":"Sequ\u00eda en Espa\u00f1a 2026: as\u00ed est\u00e1 el balance h\u00eddrico por regi\u00f3n"}]},{"@type":"WebSite","@id":"https:\/\/weenat.com\/es\/#website","url":"https:\/\/weenat.com\/es\/","name":"Weenat","description":"","publisher":{"@id":"https:\/\/weenat.com\/es\/#organization"},"potentialAction":[{"@type":"SearchAction","target":{"@type":"EntryPoint","urlTemplate":"https:\/\/weenat.com\/es\/?s={search_term_string}"},"query-input":{"@type":"PropertyValueSpecification","valueRequired":true,"valueName":"search_term_string"}}],"inLanguage":"es"},{"@type":"Organization","@id":"https:\/\/weenat.com\/es\/#organization","name":"Weenat","url":"https:\/\/weenat.com\/es\/","logo":{"@type":"ImageObject","inLanguage":"es","@id":"https:\/\/weenat.com\/es\/#\/schema\/logo\/image\/","url":"https:\/\/weenat.com\/wp-content\/uploads\/2025\/11\/Logo_Bleu_Weenat.svg","contentUrl":"https:\/\/weenat.com\/wp-content\/uploads\/2025\/11\/Logo_Bleu_Weenat.svg","width":753,"height":175,"caption":"Weenat"},"image":{"@id":"https:\/\/weenat.com\/es\/#\/schema\/logo\/image\/"},"sameAs":["https:\/\/www.facebook.com\/weenatcom\/","https:\/\/www.instagram.com\/weenat_solutions\/","https:\/\/www.linkedin.com\/company\/weenat-solutions"]},{"@type":"Person","@id":"https:\/\/weenat.com\/es\/#\/schema\/person\/6a8fcf8e17e1f82d625f54877f8e55c6","name":"Guillaume Dechandon","image":{"@type":"ImageObject","inLanguage":"es","@id":"https:\/\/secure.gravatar.com\/avatar\/fbd215e250c16cd4591e78d6c548a4b69a9ceacfd4e680867ceefdf8ba04188c?s=96&d=mm&r=g","url":"https:\/\/secure.gravatar.com\/avatar\/fbd215e250c16cd4591e78d6c548a4b69a9ceacfd4e680867ceefdf8ba04188c?s=96&d=mm&r=g","contentUrl":"https:\/\/secure.gravatar.com\/avatar\/fbd215e250c16cd4591e78d6c548a4b69a9ceacfd4e680867ceefdf8ba04188c?s=96&d=mm&r=g","caption":"Guillaume Dechandon"},"url":"https:\/\/weenat.com\/es\/author\/guillaume\/"}]}},"_links":{"self":[{"href":"https:\/\/weenat.com\/es\/wp-json\/wp\/v2\/posts\/301072","targetHints":{"allow":["GET"]}}],"collection":[{"href":"https:\/\/weenat.com\/es\/wp-json\/wp\/v2\/posts"}],"about":[{"href":"https:\/\/weenat.com\/es\/wp-json\/wp\/v2\/types\/post"}],"author":[{"embeddable":true,"href":"https:\/\/weenat.com\/es\/wp-json\/wp\/v2\/users\/7"}],"replies":[{"embeddable":true,"href":"https:\/\/weenat.com\/es\/wp-json\/wp\/v2\/comments?post=301072"}],"version-history":[{"count":11,"href":"https:\/\/weenat.com\/es\/wp-json\/wp\/v2\/posts\/301072\/revisions"}],"predecessor-version":[{"id":301097,"href":"https:\/\/weenat.com\/es\/wp-json\/wp\/v2\/posts\/301072\/revisions\/301097"}],"wp:featuredmedia":[{"embeddable":true,"href":"https:\/\/weenat.com\/es\/wp-json\/wp\/v2\/media\/301095"}],"wp:attachment":[{"href":"https:\/\/weenat.com\/es\/wp-json\/wp\/v2\/media?parent=301072"}],"wp:term":[{"taxonomy":"category","embeddable":true,"href":"https:\/\/weenat.com\/es\/wp-json\/wp\/v2\/categories?post=301072"},{"taxonomy":"post_tag","embeddable":true,"href":"https:\/\/weenat.com\/es\/wp-json\/wp\/v2\/tags?post=301072"}],"curies":[{"name":"wp","href":"https:\/\/api.w.org\/{rel}","templated":true}]}}